{"id":32920,"date":"2024-02-06T21:10:15","date_gmt":"2024-02-07T03:10:15","guid":{"rendered":"https:\/\/revistaprogreso.com.mx\/?p=32920"},"modified":"2024-02-06T21:10:31","modified_gmt":"2024-02-07T03:10:31","slug":"arrancan-la-caravana-de-la-salud-en-torreon","status":"publish","type":"post","link":"https:\/\/revistaprogreso.com.mx\/index.php\/2024\/02\/06\/arrancan-la-caravana-de-la-salud-en-torreon\/","title":{"rendered":"<a><\/a><a><strong>Arrancan la Caravana de la Salud en Torre\u00f3n<\/strong><\/a>"},"content":{"rendered":"\n<p>Torre\u00f3n, Coahuila. A 06 de febrero de 2024.<\/p>\n\n\n\n<p>El gobernador de Coahuila, Manolo Jim\u00e9nez Salinas, y el alcalde Rom\u00e1n Alberto Cepeda Gonz\u00e1lez, arrancaron este martes la Caravana de la Salud en Torre\u00f3n, para la detecci\u00f3n oportuna y prevenci\u00f3n de diferentes enfermedades entre la poblaci\u00f3n.<\/p>\n\n\n\n<p>El Presidente Municipal destac\u00f3 la importancia de la salud para toda la poblaci\u00f3n del estado, de la regi\u00f3n y del municipio, pues dijo es la condici\u00f3n indispensable para poder desarrollar otras \u00e1reas como seguridad, empleo, arte y movilidad.<\/p>\n\n\n\n<p>\u201cLo m\u00e1s valioso que tiene Coahuila, La Laguna y Torre\u00f3n es su gente, y tener gente sana y atenderla con estas caravanas de la salud es fundamental\u201d, dijo el edil.<\/p>\n\n\n\n<p>En su mensaje, el Alcalde explic\u00f3 que las caravanas de la salud ser\u00e1n un apoyo importante para el municipio y para toda la regi\u00f3n, y manifest\u00f3 el respaldo de su Gobierno para lograr que el programa beneficie a m\u00e1s personas.<\/p>\n\n\n\n<p>\u201cLes quiero pedir que sigamos unidos, trabajando con las caravanas de la salud que nos estar\u00e1n atendiendo y que nos permitir\u00e1n tener una sociedad m\u00e1s sana, m\u00e1s comprometida y justa\u201d, se\u00f1al\u00f3 Cepeda Gonz\u00e1lez.<\/p>\n\n\n\n<p>Manolo Jim\u00e9nez Salinas, gobernador de Coahuila, dijo que el proyecto de las caravanas de la salud inicia en Torre\u00f3n para todos los municipios de La Laguna y para todas las regiones del estado.<\/p>\n\n\n\n<p>Adem\u00e1s, coment\u00f3 que el programa forma parte de los proyectos de los primeros 100 d\u00edas de Gobierno.<\/p>\n\n\n\n<p>El mandatario pidi\u00f3 a los asistentes comentar con sus vecinos sobre los servicios gratuitos que presta el programa y que ayudan en ahorrar en traslados y tiempo.<\/p>\n\n\n\n<p>Jim\u00e9nez Salinas dijo que en las pr\u00f3ximas semanas tambi\u00e9n iniciar\u00e1 un programa que incluye la rehabilitaci\u00f3n de los 133 centros de salud que existen en Coahuila.<\/p>\n\n\n\n<p>Eliud Felipe Aguirre V\u00e1zquez, secretario de Salud de Coahuila, explic\u00f3 que el programa de las caravanas de la salud recorrer\u00e1 todos los rincones del estado.<\/p>\n\n\n\n<p>\u201cNuestra prioridad es ofrecer servicios de salud a las familias coahuilenses que m\u00e1s lo requieran, en especial aquellas que carecen de seguridad social\u201d.<\/p>\n\n\n\n<p>Dijo que para alcanzar las metas trazadas de manera institucional, se trabajar\u00e1 en coordinaci\u00f3n con la oficina Inspira Coahuila, DIF Coahuila, Secretar\u00eda de Inclusi\u00f3n y Desarrollo Social, adem\u00e1s de cada una de las 38 presidencias municipales.<\/p>\n\n\n\n<p>Coment\u00f3 que el personal m\u00e9dico y de enfermer\u00eda dar\u00e1 especial atenci\u00f3n a la prevenci\u00f3n en materia de salud, para orientar a cada uno de los coahuilenses a acudir de manera peri\u00f3dica a revisiones.<\/p>\n\n\n\n<p>Explic\u00f3 que las caravanas cuentan con 19 m\u00f3dulos de atenci\u00f3n, entre los que destacan detecci\u00f3n oportuna de diabetes e hipertensi\u00f3n, aplicaci\u00f3n de vacunas, toma de signos vitales, detecci\u00f3n oportuna de c\u00e1ncer c\u00e9rvico uterino y de pr\u00f3stata, realizaci\u00f3n de mastograf\u00edas y autoexploraci\u00f3n mamaria, adem\u00e1s de las consultas m\u00e9dicas, dentales, y de salud mental, planificaci\u00f3n familiar, orientaci\u00f3n nutricional, farmacia y donaci\u00f3n de sangre.<\/p>\n\n\n\n<p>Adem\u00e1s, diagn\u00f3stico de VIH y s\u00edfilis, entrega de anticonceptivos y regulaci\u00f3n sanitaria<\/p>\n\n\n\n<p>El funcionario dijo que los servicios de este d\u00eda benefician a habitantes de seis colonias del sector como la Antigua Aceitera, Luis Echeverr\u00eda \u00c1lvarez, Vencedora, L\u00f3pez Portillo, Primero de Mayo y Compresora.<\/p>\n\n\n\n<p>Luz V\u00e1zquez Carrillo, beneficiaria del programa, invit\u00f3 a los vecinos a aprovechar los servicios de la caravana de la salud, ya que dijo es la oportunidad de tenerlos juntos en el mismo lugar.<\/p>\n\n\n\n<p>En el evento se hizo entrega simb\u00f3lica de apoyos y medicamentos.<\/p>\n\n\n\n<p>Acudieron al evento Ver\u00f3nica Mart\u00ednez Garc\u00eda, senadora de la Rep\u00fablica; Luz Elena Morales N\u00fa\u00f1ez, diputada local presidenta de la junta de Gobierno del Congreso del Estado; Blas Jos\u00e9 Flores Gonz\u00e1lez, jefe de Gabinete y Proyectos Estrat\u00e9gicos; Jos\u00e9 Antonio Guti\u00e9rrez Jard\u00f3n, diputado federal; Teodoro Arguijo Hern\u00e1ndez, diputado federal; Eduardo Olmos Castro, secretario de Desarrollo Regional de La Laguna; Gabriel Elizondo P\u00e9rez, secretario de Inclusi\u00f3n y Desarrollo Social del Estado; Miguel \u00c1ngel Ram\u00edrez L\u00f3pez, alcalde de Matamoros; David Ru\u00edz Mej\u00eda, alcalde de San Pedro Coahuila; Hilario Sylvet Escobedo de La Paz, alcalde de Viesca; El\u00edas Portillo V\u00e1zquez, alcalde de Sierra Mojada; Leticia Casta\u00f1o Orozco, coordinadora del programa Mejora en el sector y Mario Cepeda Villarreal, sub secretario de Inclusi\u00f3n y Desarrollo Social en La Laguna.<\/p>\n\n\n\n<p><em>&#8211;&nbsp; Torre\u00f3n \u00a1Siempre Puede! &#8211;<\/em><\/p>\n","protected":false},"excerpt":{"rendered":"<p>Torre\u00f3n, Coahuila. A 06 de febrero de 2024. El gobernador de Coahuila, Manolo Jim\u00e9nez Salinas, y el alcalde Rom\u00e1n Alberto Cepeda Gonz\u00e1lez, arrancaron este martes la Caravana de la Salud en Torre\u00f3n, para la detecci\u00f3n oportuna y prevenci\u00f3n de diferentes enfermedades entre la poblaci\u00f3n. El Presidente Municipal destac\u00f3 la importancia de la salud para toda [&hellip;]<\/p>\n","protected":false},"author":1,"featured_media":32921,"comment_status":"closed","ping_status":"closed","sticky":false,"template":"","format":"standard","meta":{"footnotes":""},"categories":[48,14],"tags":[],"_links":{"self":[{"href":"https:\/\/revistaprogreso.com.mx\/index.php\/wp-json\/wp\/v2\/posts\/32920"}],"collection":[{"href":"https:\/\/revistaprogreso.com.mx\/index.php\/wp-json\/wp\/v2\/posts"}],"about":[{"href":"https:\/\/revistaprogreso.com.mx\/index.php\/wp-json\/wp\/v2\/types\/post"}],"author":[{"embeddable":true,"href":"https:\/\/revistaprogreso.com.mx\/index.php\/wp-json\/wp\/v2\/users\/1"}],"replies":[{"embeddable":true,"href":"https:\/\/revistaprogreso.com.mx\/index.php\/wp-json\/wp\/v2\/comments?post=32920"}],"version-history":[{"count":2,"href":"https:\/\/revistaprogreso.com.mx\/index.php\/wp-json\/wp\/v2\/posts\/32920\/revisions"}],"predecessor-version":[{"id":32923,"href":"https:\/\/revistaprogreso.com.mx\/index.php\/wp-json\/wp\/v2\/posts\/32920\/revisions\/32923"}],"wp:featuredmedia":[{"embeddable":true,"href":"https:\/\/revistaprogreso.com.mx\/index.php\/wp-json\/wp\/v2\/media\/32921"}],"wp:attachment":[{"href":"https:\/\/revistaprogreso.com.mx\/index.php\/wp-json\/wp\/v2\/media?parent=32920"}],"wp:term":[{"taxonomy":"category","embeddable":true,"href":"https:\/\/revistaprogreso.com.mx\/index.php\/wp-json\/wp\/v2\/categories?post=32920"},{"taxonomy":"post_tag","embeddable":true,"href":"https:\/\/revistaprogreso.com.mx\/index.php\/wp-json\/wp\/v2\/tags?post=32920"}],"curies":[{"name":"wp","href":"https:\/\/api.w.org\/{rel}","templated":true}]}}