{"id":43524,"date":"2025-01-21T10:35:24","date_gmt":"2025-01-21T16:35:24","guid":{"rendered":"https:\/\/revistaprogreso.com.mx\/?p=43524"},"modified":"2025-01-21T10:35:26","modified_gmt":"2025-01-21T16:35:26","slug":"denuncian-violencia-familiar-lo-detienen","status":"publish","type":"post","link":"https:\/\/revistaprogreso.com.mx\/index.php\/2025\/01\/21\/denuncian-violencia-familiar-lo-detienen\/","title":{"rendered":"DENUNCIAN VIOLENCIA FAMILIAR, LO DETIENEN."},"content":{"rendered":"\n<p>Elementos de la Direcci\u00f3n de Seguridad P\u00fablica Municipal de Torre\u00f3n detuvieron por el presunto delito de violencia familiar a \u00c1ngel \u2018N\u2019 de 21 a\u00f1os, el 20 de enero a las 18:24 horas en la colonia Centro. La sala de radio envi\u00f3 una unidad a un domicilio del sector donde los agentes fueron recibidos por F\u00e1tima \u2018N\u2019, quien se\u00f1al\u00f3 que su hermano la hab\u00eda agredido f\u00edsicamente y hab\u00eda causado da\u00f1os a la puerta del ba\u00f1o. Se le notific\u00f3 su detenci\u00f3n y puesta a disposici\u00f3n del Ministerio P\u00fablico por los delitos que le resulten.<\/p>\n","protected":false},"excerpt":{"rendered":"<p>Elementos de la Direcci\u00f3n de Seguridad P\u00fablica Municipal de Torre\u00f3n detuvieron por el presunto delito de violencia familiar a \u00c1ngel \u2018N\u2019 de 21 a\u00f1os, el 20 de enero a las 18:24 horas en la colonia Centro. La sala de radio envi\u00f3 una unidad a un domicilio del sector donde los agentes fueron recibidos por F\u00e1tima [&hellip;]<\/p>\n","protected":false},"author":1,"featured_media":43525,"comment_status":"closed","ping_status":"closed","sticky":false,"template":"","format":"standard","meta":{"footnotes":""},"categories":[44,14],"tags":[],"_links":{"self":[{"href":"https:\/\/revistaprogreso.com.mx\/index.php\/wp-json\/wp\/v2\/posts\/43524"}],"collection":[{"href":"https:\/\/revistaprogreso.com.mx\/index.php\/wp-json\/wp\/v2\/posts"}],"about":[{"href":"https:\/\/revistaprogreso.com.mx\/index.php\/wp-json\/wp\/v2\/types\/post"}],"author":[{"embeddable":true,"href":"https:\/\/revistaprogreso.com.mx\/index.php\/wp-json\/wp\/v2\/users\/1"}],"replies":[{"embeddable":true,"href":"https:\/\/revistaprogreso.com.mx\/index.php\/wp-json\/wp\/v2\/comments?post=43524"}],"version-history":[{"count":1,"href":"https:\/\/revistaprogreso.com.mx\/index.php\/wp-json\/wp\/v2\/posts\/43524\/revisions"}],"predecessor-version":[{"id":43526,"href":"https:\/\/revistaprogreso.com.mx\/index.php\/wp-json\/wp\/v2\/posts\/43524\/revisions\/43526"}],"wp:featuredmedia":[{"embeddable":true,"href":"https:\/\/revistaprogreso.com.mx\/index.php\/wp-json\/wp\/v2\/media\/43525"}],"wp:attachment":[{"href":"https:\/\/revistaprogreso.com.mx\/index.php\/wp-json\/wp\/v2\/media?parent=43524"}],"wp:term":[{"taxonomy":"category","embeddable":true,"href":"https:\/\/revistaprogreso.com.mx\/index.php\/wp-json\/wp\/v2\/categories?post=43524"},{"taxonomy":"post_tag","embeddable":true,"href":"https:\/\/revistaprogreso.com.mx\/index.php\/wp-json\/wp\/v2\/tags?post=43524"}],"curies":[{"name":"wp","href":"https:\/\/api.w.org\/{rel}","templated":true}]}}