{"id":43705,"date":"2025-01-24T22:31:46","date_gmt":"2025-01-25T04:31:46","guid":{"rendered":"https:\/\/revistaprogreso.com.mx\/?p=43705"},"modified":"2025-01-24T22:53:05","modified_gmt":"2025-01-25T04:53:05","slug":"los-detienen-por-agresivos","status":"publish","type":"post","link":"https:\/\/revistaprogreso.com.mx\/index.php\/2025\/01\/24\/los-detienen-por-agresivos\/","title":{"rendered":"LOS DETIENEN POR AGRESIVOS"},"content":{"rendered":"\n<p>Elementos de la Direcci\u00f3n de Seguridad P\u00fablica Municipal de Torre\u00f3n detuvieron por el presunto delito de amenazas a Brayan \u2018N\u2019 de 23 a\u00f1os y Lesly \u2018N\u2019 de 30 a\u00f1os, el 24 de enero a las 12:56 horas en la colonia Zaragoza Sur. La sala de radio envi\u00f3 una unidad al sector, ante el reporte de personas agresivas. Al llegar una ciudadana se\u00f1al\u00f3 que las 2 personas la hab\u00edan amenazado con un cuchillo y la intentaron agredir. Fueron ubicados metros m\u00e1s adelante, notificando su detenci\u00f3n y puesta a disposici\u00f3n del Ministerio P\u00fablico por los delitos que le resulten.<\/p>\n\n\n\n<figure class=\"wp-block-image size-large\"><img loading=\"lazy\" decoding=\"async\" width=\"576\" height=\"1024\" src=\"https:\/\/revistaprogreso.com.mx\/wp-content\/uploads\/2025\/01\/IMG-20250124-WA00081-576x1024.jpg\" alt=\"\" class=\"wp-image-43713\" srcset=\"https:\/\/revistaprogreso.com.mx\/wp-content\/uploads\/2025\/01\/IMG-20250124-WA00081-576x1024.jpg 576w, https:\/\/revistaprogreso.com.mx\/wp-content\/uploads\/2025\/01\/IMG-20250124-WA00081-169x300.jpg 169w, https:\/\/revistaprogreso.com.mx\/wp-content\/uploads\/2025\/01\/IMG-20250124-WA00081-768x1365.jpg 768w, https:\/\/revistaprogreso.com.mx\/wp-content\/uploads\/2025\/01\/IMG-20250124-WA00081-236x420.jpg 236w, https:\/\/revistaprogreso.com.mx\/wp-content\/uploads\/2025\/01\/IMG-20250124-WA00081-640x1138.jpg 640w, https:\/\/revistaprogreso.com.mx\/wp-content\/uploads\/2025\/01\/IMG-20250124-WA00081-681x1211.jpg 681w, https:\/\/revistaprogreso.com.mx\/wp-content\/uploads\/2025\/01\/IMG-20250124-WA00081.jpg 828w\" sizes=\"(max-width: 576px) 100vw, 576px\" \/><\/figure>\n","protected":false},"excerpt":{"rendered":"<p>Elementos de la Direcci\u00f3n de Seguridad P\u00fablica Municipal de Torre\u00f3n detuvieron por el presunto delito de amenazas a Brayan \u2018N\u2019 de 23 a\u00f1os y Lesly \u2018N\u2019 de 30 a\u00f1os, el 24 de enero a las 12:56 horas en la colonia Zaragoza Sur. La sala de radio envi\u00f3 una unidad al sector, ante el reporte de [&hellip;]<\/p>\n","protected":false},"author":1,"featured_media":43724,"comment_status":"closed","ping_status":"closed","sticky":false,"template":"","format":"standard","meta":{"footnotes":""},"categories":[44,14],"tags":[],"_links":{"self":[{"href":"https:\/\/revistaprogreso.com.mx\/index.php\/wp-json\/wp\/v2\/posts\/43705"}],"collection":[{"href":"https:\/\/revistaprogreso.com.mx\/index.php\/wp-json\/wp\/v2\/posts"}],"about":[{"href":"https:\/\/revistaprogreso.com.mx\/index.php\/wp-json\/wp\/v2\/types\/post"}],"author":[{"embeddable":true,"href":"https:\/\/revistaprogreso.com.mx\/index.php\/wp-json\/wp\/v2\/users\/1"}],"replies":[{"embeddable":true,"href":"https:\/\/revistaprogreso.com.mx\/index.php\/wp-json\/wp\/v2\/comments?post=43705"}],"version-history":[{"count":2,"href":"https:\/\/revistaprogreso.com.mx\/index.php\/wp-json\/wp\/v2\/posts\/43705\/revisions"}],"predecessor-version":[{"id":43714,"href":"https:\/\/revistaprogreso.com.mx\/index.php\/wp-json\/wp\/v2\/posts\/43705\/revisions\/43714"}],"wp:featuredmedia":[{"embeddable":true,"href":"https:\/\/revistaprogreso.com.mx\/index.php\/wp-json\/wp\/v2\/media\/43724"}],"wp:attachment":[{"href":"https:\/\/revistaprogreso.com.mx\/index.php\/wp-json\/wp\/v2\/media?parent=43705"}],"wp:term":[{"taxonomy":"category","embeddable":true,"href":"https:\/\/revistaprogreso.com.mx\/index.php\/wp-json\/wp\/v2\/categories?post=43705"},{"taxonomy":"post_tag","embeddable":true,"href":"https:\/\/revistaprogreso.com.mx\/index.php\/wp-json\/wp\/v2\/tags?post=43705"}],"curies":[{"name":"wp","href":"https:\/\/api.w.org\/{rel}","templated":true}]}}