{"id":50010,"date":"2026-09-05T14:16:17","date_gmt":"2026-09-05T20:16:17","guid":{"rendered":"https:\/\/revistaprogreso.com.mx\/?p=50010"},"modified":"2026-09-05T14:16:19","modified_gmt":"2026-09-05T20:16:19","slug":"susy-torrecillas-fortalece-alumbrado-publico-con-entrega-de-300-luminarias-led","status":"publish","type":"post","link":"https:\/\/revistaprogreso.com.mx\/index.php\/2026\/09\/05\/susy-torrecillas-fortalece-alumbrado-publico-con-entrega-de-300-luminarias-led\/","title":{"rendered":"SUSY TORRECILLAS FORTALECE ALUMBRADO P\u00daBLICO CON ENTREGA DE 300 LUMINARIAS LED"},"content":{"rendered":"\n<p>Lerdo, 01 de septiembre de 2026.- Con el objetivo de mejorar la iluminaci\u00f3n y fortalecer los servicios p\u00fablicos, la Presidenta Municipal Susy Carolina Torrecillas Salazar dio inicio a un nuevo esquema de adquisici\u00f3n de 300 luminarias, para atender de manera permanente los sectores que presentan deficiencias en el alumbrado.<\/p>\n\n\n\n<p>La Alcaldesa inform\u00f3 que, como parte de esta estrategia, el \u00e1rea de Alumbrado P\u00fablico recibir\u00e1 semanalmente 300 luminarias de 150 watts para que el personal operativo cuente con los materiales y herramientas necesarios para realizar trabajos de sustituci\u00f3n y rehabilitaci\u00f3n tanto en la zona urbana como rural.<\/p>\n\n\n\n<p>Destac\u00f3 que estas acciones permitir\u00e1n mantener parques, plazas, vialidades y espacios p\u00fablicos mejor iluminados, contribuyendo a mejorar el entorno y brindar mayor seguridad a las familias lerdenses.<\/p>\n\n\n\n<p>\u201cCon ello contribuimos a que haya menos robos y a que la ciudadan\u00eda pueda transitar libre y segura por los parques, plazas y espacios p\u00fablicos de Lerdo\u201d, se\u00f1al\u00f3 Susy Torrecillas.<\/p>\n\n\n\n<p>Finalmente, puntualiz\u00f3 que, para garantizar un mejor control de los insumos, materiales y herramientas, se conform\u00f3 un \u00e1rea de supervisi\u00f3n de adquisiciones, encargada de vigilar el buen uso y aplicaci\u00f3n de los recursos destinados a los servicios p\u00fablicos.<\/p>\n","protected":false},"excerpt":{"rendered":"<p>Lerdo, 01 de septiembre de 2026.- Con el objetivo de mejorar la iluminaci\u00f3n y fortalecer los servicios p\u00fablicos, la Presidenta Municipal Susy Carolina Torrecillas Salazar dio inicio a un nuevo esquema de adquisici\u00f3n de 300 luminarias, para atender de manera permanente los sectores que presentan deficiencias en el alumbrado. La Alcaldesa inform\u00f3 que, como parte [&hellip;]<\/p>\n","protected":false},"author":1,"featured_media":50004,"comment_status":"closed","ping_status":"closed","sticky":false,"template":"","format":"standard","meta":{"footnotes":""},"categories":[48,14],"tags":[],"_links":{"self":[{"href":"https:\/\/revistaprogreso.com.mx\/index.php\/wp-json\/wp\/v2\/posts\/50010"}],"collection":[{"href":"https:\/\/revistaprogreso.com.mx\/index.php\/wp-json\/wp\/v2\/posts"}],"about":[{"href":"https:\/\/revistaprogreso.com.mx\/index.php\/wp-json\/wp\/v2\/types\/post"}],"author":[{"embeddable":true,"href":"https:\/\/revistaprogreso.com.mx\/index.php\/wp-json\/wp\/v2\/users\/1"}],"replies":[{"embeddable":true,"href":"https:\/\/revistaprogreso.com.mx\/index.php\/wp-json\/wp\/v2\/comments?post=50010"}],"version-history":[{"count":1,"href":"https:\/\/revistaprogreso.com.mx\/index.php\/wp-json\/wp\/v2\/posts\/50010\/revisions"}],"predecessor-version":[{"id":50011,"href":"https:\/\/revistaprogreso.com.mx\/index.php\/wp-json\/wp\/v2\/posts\/50010\/revisions\/50011"}],"wp:featuredmedia":[{"embeddable":true,"href":"https:\/\/revistaprogreso.com.mx\/index.php\/wp-json\/wp\/v2\/media\/50004"}],"wp:attachment":[{"href":"https:\/\/revistaprogreso.com.mx\/index.php\/wp-json\/wp\/v2\/media?parent=50010"}],"wp:term":[{"taxonomy":"category","embeddable":true,"href":"https:\/\/revistaprogreso.com.mx\/index.php\/wp-json\/wp\/v2\/categories?post=50010"},{"taxonomy":"post_tag","embeddable":true,"href":"https:\/\/revistaprogreso.com.mx\/index.php\/wp-json\/wp\/v2\/tags?post=50010"}],"curies":[{"name":"wp","href":"https:\/\/api.w.org\/{rel}","templated":true}]}}