{"id":50015,"date":"2026-09-05T14:18:31","date_gmt":"2026-09-05T20:18:31","guid":{"rendered":"https:\/\/revistaprogreso.com.mx\/?p=50015"},"modified":"2026-09-05T14:18:32","modified_gmt":"2026-09-05T20:18:32","slug":"aprueba-cabildo-cambios-de-propietario-y-giro-de-locales-en-mercado-donato-guerra","status":"publish","type":"post","link":"https:\/\/revistaprogreso.com.mx\/index.php\/2026\/09\/05\/aprueba-cabildo-cambios-de-propietario-y-giro-de-locales-en-mercado-donato-guerra\/","title":{"rendered":"APRUEBA CABILDO CAMBIOS DE PROPIETARIO Y GIRO DE LOCALES EN MERCADO DONATO GUERRA"},"content":{"rendered":"\n<p>Lerdo, 03 de septiembre de 2026.- La ma\u00f1ana de este jueves, la Presidenta Municipal Susy Carolina Torrecillas Salazar encabez\u00f3 la XLIV Sesi\u00f3n Ordinaria de Cabildo, realizada en el lobby del Teatro Hermila Galindo, con la presencia de los integrantes del H. Cabildo.<\/p>\n\n\n\n<p>Durante la sesi\u00f3n, y una vez aprobada el orden del d\u00eda, la Comisi\u00f3n de Desarrollo Econ\u00f3mico present\u00f3 dos dict\u00e1menes correspondientes a los locales C-5 y C-6 del interior del Mercado Donato Guerra.<\/p>\n\n\n\n<p>En los puntos 6.1 y 6.2, se aprob\u00f3 por unanimidad la autorizaci\u00f3n para el cambio de propietario y giro de la licencia de funcionamiento de ambos locales, el cambio ser\u00e1 a giro de fonda.<\/p>\n\n\n\n<p>En asuntos generales, la tercera regidora, Mar\u00eda del Socorro Espinoza Meraz, destac\u00f3 que, en el marco del D\u00eda Internacional de la Prevenci\u00f3n del Suicidio, que se conmemora el pr\u00f3ximo 10 de septiembre, es importante promover acciones encaminadas a la atenci\u00f3n y cuidado de la salud mental.<\/p>\n\n\n\n<p>En este sentido, inform\u00f3 que la pr\u00f3xima semana dar\u00e1 inicio el taller \u201cPrimeros Auxilios Psicol\u00f3gicos\u201d, dirigido al personal del Ayuntamiento, iniciativa que fue respaldada por el d\u00e9cimo quinto regidor, presidente de la Comisi\u00f3n de Salud.<\/p>\n\n\n\n<p>Con estas acciones, el H. Cabildo refrenda su compromiso de impulsar acuerdos que contribuyan al ordenamiento de las actividades comerciales y al bienestar de las y los trabajadores del Ayuntamiento.<\/p>\n","protected":false},"excerpt":{"rendered":"<p>Lerdo, 03 de septiembre de 2026.- La ma\u00f1ana de este jueves, la Presidenta Municipal Susy Carolina Torrecillas Salazar encabez\u00f3 la XLIV Sesi\u00f3n Ordinaria de Cabildo, realizada en el lobby del Teatro Hermila Galindo, con la presencia de los integrantes del H. Cabildo. Durante la sesi\u00f3n, y una vez aprobada el orden del d\u00eda, la Comisi\u00f3n [&hellip;]<\/p>\n","protected":false},"author":1,"featured_media":50016,"comment_status":"closed","ping_status":"closed","sticky":false,"template":"","format":"standard","meta":{"footnotes":""},"categories":[48,14],"tags":[],"_links":{"self":[{"href":"https:\/\/revistaprogreso.com.mx\/index.php\/wp-json\/wp\/v2\/posts\/50015"}],"collection":[{"href":"https:\/\/revistaprogreso.com.mx\/index.php\/wp-json\/wp\/v2\/posts"}],"about":[{"href":"https:\/\/revistaprogreso.com.mx\/index.php\/wp-json\/wp\/v2\/types\/post"}],"author":[{"embeddable":true,"href":"https:\/\/revistaprogreso.com.mx\/index.php\/wp-json\/wp\/v2\/users\/1"}],"replies":[{"embeddable":true,"href":"https:\/\/revistaprogreso.com.mx\/index.php\/wp-json\/wp\/v2\/comments?post=50015"}],"version-history":[{"count":1,"href":"https:\/\/revistaprogreso.com.mx\/index.php\/wp-json\/wp\/v2\/posts\/50015\/revisions"}],"predecessor-version":[{"id":50017,"href":"https:\/\/revistaprogreso.com.mx\/index.php\/wp-json\/wp\/v2\/posts\/50015\/revisions\/50017"}],"wp:featuredmedia":[{"embeddable":true,"href":"https:\/\/revistaprogreso.com.mx\/index.php\/wp-json\/wp\/v2\/media\/50016"}],"wp:attachment":[{"href":"https:\/\/revistaprogreso.com.mx\/index.php\/wp-json\/wp\/v2\/media?parent=50015"}],"wp:term":[{"taxonomy":"category","embeddable":true,"href":"https:\/\/revistaprogreso.com.mx\/index.php\/wp-json\/wp\/v2\/categories?post=50015"},{"taxonomy":"post_tag","embeddable":true,"href":"https:\/\/revistaprogreso.com.mx\/index.php\/wp-json\/wp\/v2\/tags?post=50015"}],"curies":[{"name":"wp","href":"https:\/\/api.w.org\/{rel}","templated":true}]}}