{"id":50018,"date":"2026-09-05T14:20:21","date_gmt":"2026-09-05T20:20:21","guid":{"rendered":"https:\/\/revistaprogreso.com.mx\/?p=50018"},"modified":"2026-09-05T14:20:22","modified_gmt":"2026-09-05T20:20:22","slug":"susy-torrecillas-y-el-colegio-metropolitano-de-arquitectos-del-norte-van-por-rehabilitacion-de-plaza-de-armas","status":"publish","type":"post","link":"https:\/\/revistaprogreso.com.mx\/index.php\/2026\/09\/05\/susy-torrecillas-y-el-colegio-metropolitano-de-arquitectos-del-norte-van-por-rehabilitacion-de-plaza-de-armas\/","title":{"rendered":"SUSY TORRECILLAS Y EL COLEGIO METROPOLITANO DE ARQUITECTOS DEL NORTE VAN POR REHABILITACI\u00d3N DE PLAZA DE ARMAS"},"content":{"rendered":"\n<p>Lerdo, 04 de septiembre de 2026.- Este viernes, la Presidenta Municipal Susy Carolina Torrecillas Salazar realiz\u00f3 un recorrido por la Plaza de Armas, acompa\u00f1ada por integrantes del Colegio Metropolitano de Arquitectos del Norte, como parte de los trabajos para proyectar el hermoseamiento y rehabilitaci\u00f3n de este espacio p\u00fablico emblem\u00e1tico de la ciudad.<\/p>\n\n\n\n<p>Durante el recorrido estuvieron presentes el director de Servicios P\u00fablicos, Jorge Silva; Maribel Holgu\u00edn, de Desarrollo Urbano; as\u00ed como Rodolfo Sep\u00falveda, presidente del Colegio Metropolitano de Arquitectos del Norte; Mario Amescua, tesorero del organismo, y Cristina G\u00e1lvez, quienes presentaron una primera propuesta para la rehabilitaci\u00f3n de la plaza, su kiosco y mobiliario urbano.<\/p>\n\n\n\n<p>La Presidenta Municipal destac\u00f3 que, gracias al respaldo y colaboraci\u00f3n del Colegio Metropolitano de Arquitectos del Norte, ser\u00e1 posible proyectar la rehabilitaci\u00f3n y mejoramiento de la Plaza de Armas, as\u00ed como de la fachada de la Presidencia Municipal, mediante un proyecto que se desarrollar\u00e1 por etapas.<\/p>\n\n\n\n<p>\u201cVamos a preservar la belleza y arquitectura de nuestra ciudad, siempre con el aval del Instituto Nacional de Antropolog\u00eda e Historia (INAH). Queremos hacer de Lerdo la ciudad m\u00e1s bonita de La Laguna, preservando siempre nuestra identidad como Ciudad Jard\u00edn\u201d, expres\u00f3.<\/p>\n\n\n\n<p>Susy Torrecillas se\u00f1al\u00f3 que los trabajos se realizar\u00e1n de acuerdo con las posibilidades presupuestales del municipio, por lo que se contempla que el proyecto pueda concluir antes de finalizar la actual administraci\u00f3n municipal.<\/p>\n\n\n\n<p>Por su parte, Rodolfo Sep\u00falveda, presidente del Colegio Metropolitano de Arquitectos del Norte, destac\u00f3 que, a partir del acercamiento con la Presidenta Municipal, el organismo decidi\u00f3 poner a disposici\u00f3n su experiencia y conocimientos para contribuir al proyecto de conservaci\u00f3n y mejoramiento de los espacios emblem\u00e1ticos e ic\u00f3nicos de Lerdo.<\/p>\n\n\n\n<p>Finalmente, la Alcaldesa de Lerdo reconoci\u00f3 el respaldo y disposici\u00f3n del Colegio Metropolitano de Arquitectos del Norte para sumarse a los proyectos que buscan fortalecer la imagen urbana y preservar el patrimonio arquitect\u00f3nico de Lerdo.<\/p>\n","protected":false},"excerpt":{"rendered":"<p>Lerdo, 04 de septiembre de 2026.- Este viernes, la Presidenta Municipal Susy Carolina Torrecillas Salazar realiz\u00f3 un recorrido por la Plaza de Armas, acompa\u00f1ada por integrantes del Colegio Metropolitano de Arquitectos del Norte, como parte de los trabajos para proyectar el hermoseamiento y rehabilitaci\u00f3n de este espacio p\u00fablico emblem\u00e1tico de la ciudad. Durante el recorrido [&hellip;]<\/p>\n","protected":false},"author":1,"featured_media":50019,"comment_status":"closed","ping_status":"closed","sticky":false,"template":"","format":"standard","meta":{"footnotes":""},"categories":[48,14],"tags":[],"_links":{"self":[{"href":"https:\/\/revistaprogreso.com.mx\/index.php\/wp-json\/wp\/v2\/posts\/50018"}],"collection":[{"href":"https:\/\/revistaprogreso.com.mx\/index.php\/wp-json\/wp\/v2\/posts"}],"about":[{"href":"https:\/\/revistaprogreso.com.mx\/index.php\/wp-json\/wp\/v2\/types\/post"}],"author":[{"embeddable":true,"href":"https:\/\/revistaprogreso.com.mx\/index.php\/wp-json\/wp\/v2\/users\/1"}],"replies":[{"embeddable":true,"href":"https:\/\/revistaprogreso.com.mx\/index.php\/wp-json\/wp\/v2\/comments?post=50018"}],"version-history":[{"count":1,"href":"https:\/\/revistaprogreso.com.mx\/index.php\/wp-json\/wp\/v2\/posts\/50018\/revisions"}],"predecessor-version":[{"id":50020,"href":"https:\/\/revistaprogreso.com.mx\/index.php\/wp-json\/wp\/v2\/posts\/50018\/revisions\/50020"}],"wp:featuredmedia":[{"embeddable":true,"href":"https:\/\/revistaprogreso.com.mx\/index.php\/wp-json\/wp\/v2\/media\/50019"}],"wp:attachment":[{"href":"https:\/\/revistaprogreso.com.mx\/index.php\/wp-json\/wp\/v2\/media?parent=50018"}],"wp:term":[{"taxonomy":"category","embeddable":true,"href":"https:\/\/revistaprogreso.com.mx\/index.php\/wp-json\/wp\/v2\/categories?post=50018"},{"taxonomy":"post_tag","embeddable":true,"href":"https:\/\/revistaprogreso.com.mx\/index.php\/wp-json\/wp\/v2\/tags?post=50018"}],"curies":[{"name":"wp","href":"https:\/\/api.w.org\/{rel}","templated":true}]}}