{"id":50027,"date":"2026-09-05T14:25:50","date_gmt":"2026-09-05T20:25:50","guid":{"rendered":"https:\/\/revistaprogreso.com.mx\/?p=50027"},"modified":"2026-09-05T14:25:52","modified_gmt":"2026-09-05T20:25:52","slug":"mars-inaugura-la-feria-de-torreon-2026-celebran-80-anos-de-fiesta-familia-y-tradicion","status":"publish","type":"post","link":"https:\/\/revistaprogreso.com.mx\/index.php\/2026\/09\/05\/mars-inaugura-la-feria-de-torreon-2026-celebran-80-anos-de-fiesta-familia-y-tradicion\/","title":{"rendered":"MARS INAUGURA LA FERIA DE TORRE\u00d3N 2026; CELEBRAN 80 A\u00d1OS DE FIESTA, FAMILIA Y TRADICI\u00d3N"},"content":{"rendered":"\n<p>Invitan a vivir la experiencia de las nuevas atracciones del 4 de septiembre al 4 de octubre. En Torre\u00f3n \u00a1Vamos Seguros!Torre\u00f3n, Coahuila de Zaragoza; 4 de septiembre de 2026.- El alcalde Miguel \u00c1ngel Riquelme Sol\u00eds inaugur\u00f3 esta tarde la Feria de Torre\u00f3n que en su edici\u00f3n 2026 celebra su 80 aniversario. Este espacio de convivencia familiar se ha vuelto ya una tradici\u00f3n que se mantiene vigente y que a\u00f1o con a\u00f1o se renueva con nuevas atracciones y experiencias para quienes la visitan.El presidente municipal resalt\u00f3 el valor y el impacto que tiene la Feria para los torreonenses, pues es, dijo, motivo de encuentro para los amigos, un lugar adem\u00e1s donde las ni\u00f1as y ni\u00f1os viven momentos que conservar\u00e1n siempre y en el que las familias fortalecen los lazos que nos unen como comunidad.\u201cNos llena de orgullo que esta tradici\u00f3n llegue a sus 80 a\u00f1os de historia, generando cada a\u00f1o m\u00e1s de 4 mil empleos directos, recibiendo alrededor de 600 mil visitantes y generando una derrama econ\u00f3mica superior a los 500 millones de pesos\u201d, resalt\u00f3 el edil.La Feria de Torre\u00f3n conserva las tradiciones y al mismo tiempo, incorpora nuevas atracciones, nuevos espacios y mejores experiencias para toda la familia.Riquelme Sol\u00eds invit\u00f3 a las familias a visitar la Feria, y se\u00f1al\u00f3 que el Municipio participa en coordinaci\u00f3n con el comit\u00e9 organizador para garantizar a los visitantes un espacio seguro.\u201cEn Torre\u00f3n tenemos una convicci\u00f3n muy clara: La seguridad es el punto de partida de todo. Hoy podemos disfrutar de esta gran fiesta familiar porque con el trabajo conjunto con el gobernador Manolo Jim\u00e9nez Salinas, Torre\u00f3n vive una etapa de estabilidad, orden y certidumbre que se refleja en espacios como este en donde las familias pueden acudir con tranquilidad\u201d, extern\u00f3.Asimismo, el alcalde reconoci\u00f3 el esfuerzo de los empresarios, comerciantes, expositores y emprendedores que participan en esta edici\u00f3n de la Feria. \u201cGracias por seguir apostando por Torre\u00f3n, por generar empleo y aportar al dinamismo de nuestra econom\u00eda regional. Esta Feria es reflejo de todo eso, de nuestra identidad, alegr\u00eda y capacidad de seguir haciendo comunidad\u201d.Posterior al corte de list\u00f3n inaugural, el alcalde hizo un recorrido junto con las autoridades por diferentes m\u00f3dulos de la Feria, en los que hay tambi\u00e9n presencia de la Administraci\u00f3n como el Paseo de las Emprendedoras del Instituto Municipal de la Mujer (IMM), o el \u00e1rea del DIF Torre\u00f3n con los A-Pollos, los cuales con lo recaudado, sumar\u00e1n para la construcci\u00f3n de Casa Fuerza Mayor.Estuvieron tambi\u00e9n Cristina Amezcua Gonz\u00e1lez, Secretaria de Turismo y Desarro de Pueblos M\u00e1gicos, en representaci\u00f3n del Gobernador; Jes\u00fas Torres Reza, representante del Jefe de Gabinete y Proyectos Estrat\u00e9gicos; Francisco Adolfo Von Bertreab Espinosa, presidente del Consejo Directivo de la Feria; Ricardo Ortiz Hern\u00e1ndez, responsable de Finanzas del Consejo Directivo de la Feria Torre\u00f3n; Rodolfo Daniel Alcal\u00e1 Moya, presidente del Club Rotario de Torre\u00f3n; y Antonio Hern\u00e1ndez Astorga, presidente de Rotarios de Torre\u00f3n.<\/p>\n","protected":false},"excerpt":{"rendered":"<p>Invitan a vivir la experiencia de las nuevas atracciones del 4 de septiembre al 4 de octubre. En Torre\u00f3n \u00a1Vamos Seguros!Torre\u00f3n, Coahuila de Zaragoza; 4 de septiembre de 2026.- El alcalde Miguel \u00c1ngel Riquelme Sol\u00eds inaugur\u00f3 esta tarde la Feria de Torre\u00f3n que en su edici\u00f3n 2026 celebra su 80 aniversario. Este espacio de convivencia [&hellip;]<\/p>\n","protected":false},"author":1,"featured_media":50028,"comment_status":"closed","ping_status":"closed","sticky":false,"template":"","format":"standard","meta":{"footnotes":""},"categories":[48,14],"tags":[],"_links":{"self":[{"href":"https:\/\/revistaprogreso.com.mx\/index.php\/wp-json\/wp\/v2\/posts\/50027"}],"collection":[{"href":"https:\/\/revistaprogreso.com.mx\/index.php\/wp-json\/wp\/v2\/posts"}],"about":[{"href":"https:\/\/revistaprogreso.com.mx\/index.php\/wp-json\/wp\/v2\/types\/post"}],"author":[{"embeddable":true,"href":"https:\/\/revistaprogreso.com.mx\/index.php\/wp-json\/wp\/v2\/users\/1"}],"replies":[{"embeddable":true,"href":"https:\/\/revistaprogreso.com.mx\/index.php\/wp-json\/wp\/v2\/comments?post=50027"}],"version-history":[{"count":1,"href":"https:\/\/revistaprogreso.com.mx\/index.php\/wp-json\/wp\/v2\/posts\/50027\/revisions"}],"predecessor-version":[{"id":50029,"href":"https:\/\/revistaprogreso.com.mx\/index.php\/wp-json\/wp\/v2\/posts\/50027\/revisions\/50029"}],"wp:featuredmedia":[{"embeddable":true,"href":"https:\/\/revistaprogreso.com.mx\/index.php\/wp-json\/wp\/v2\/media\/50028"}],"wp:attachment":[{"href":"https:\/\/revistaprogreso.com.mx\/index.php\/wp-json\/wp\/v2\/media?parent=50027"}],"wp:term":[{"taxonomy":"category","embeddable":true,"href":"https:\/\/revistaprogreso.com.mx\/index.php\/wp-json\/wp\/v2\/categories?post=50027"},{"taxonomy":"post_tag","embeddable":true,"href":"https:\/\/revistaprogreso.com.mx\/index.php\/wp-json\/wp\/v2\/tags?post=50027"}],"curies":[{"name":"wp","href":"https:\/\/api.w.org\/{rel}","templated":true}]}}